{"id":507,"date":"2015-12-12T10:00:27","date_gmt":"2015-12-12T09:00:27","guid":{"rendered":"http:\/\/regnars.pl\/barborka-2015\/"},"modified":"2019-03-28T16:49:40","modified_gmt":"2019-03-28T15:49:40","slug":"barborka-2015","status":"publish","type":"post","link":"https:\/\/regnars.pl\/cs\/barborka-2015\/","title":{"rendered":"Barb\u00f3rka 2015"},"content":{"rendered":"\n<p>Firma Regnars Sp. z o.o. po raz pierwszy zorganizowa\u0142a tradycyjn\u0105 biesiad\u0119 Gwar\u00f3w. W Restauracja Graniczna w Radkowie spotka\u0142a si\u0119 Bra\u0107 G\u00f3rnicza. Biesiad\u0119 poprzedzi\u0142a uroczysta, wieczorna msza \u015bwi\u0119ta odprawiona w ko\u015bciele \u015awi\u0119tych Aposto\u0142\u00f3w Piotra i Paw\u0142a w T\u0142umaczowie.   <\/p>\n\n<figure class=\"wp-block-image\"><img fetchpriority=\"high\" decoding=\"async\" width=\"1024\" height=\"683\" src=\"https:\/\/regnars.pl\/wp-content\/uploads\/CAM02755-1024x683.jpg\" alt=\"\" class=\"wp-image-214\" srcset=\"https:\/\/regnars.pl\/wp-content\/uploads\/CAM02755-1024x683.jpg 1024w, https:\/\/regnars.pl\/wp-content\/uploads\/CAM02755-300x200.jpg 300w, https:\/\/regnars.pl\/wp-content\/uploads\/CAM02755-768x512.jpg 768w, https:\/\/regnars.pl\/wp-content\/uploads\/CAM02755.jpg 1920w\" sizes=\"(max-width: 1024px) 100vw, 1024px\" \/><\/figure>","protected":false},"excerpt":{"rendered":"<p>Firma Regnars Sp. z o.o. po raz pierwszy zorganizowa\u0142a tradycyjn\u0105 biesiad\u0119 Gwar\u00f3w. W Restauracja Graniczna w Radkowie spotka\u0142a si\u0119 Bra\u0107 G\u00f3rnicza. <\/p>\n","protected":false},"author":1,"featured_media":380,"comment_status":"open","ping_status":"open","sticky":false,"template":"","format":"standard","meta":{"_acf_changed":false,"footnotes":""},"categories":[7],"tags":[],"class_list":["post-507","post","type-post","status-publish","format-standard","has-post-thumbnail","hentry","category-uncategorized-cs"],"acf":[],"yoast_head":"<!-- This site is optimized with the Yoast SEO plugin v26.6 - https:\/\/yoast.com\/wordpress\/plugins\/seo\/ -->\n<title>Barb\u00f3rka 2015 &#8226; REGNARS<\/title>\n<meta name=\"robots\" content=\"index, follow, max-snippet:-1, max-image-preview:large, max-video-preview:-1\" \/>\n<link rel=\"canonical\" href=\"https:\/\/regnars.pl\/cs\/barborka-2015\/\" \/>\n<meta property=\"og:locale\" content=\"cs_CZ\" \/>\n<meta property=\"og:type\" content=\"article\" \/>\n<meta property=\"og:title\" content=\"Barb\u00f3rka 2015 &#8226; REGNARS\" \/>\n<meta property=\"og:description\" content=\"Firma Regnars Sp. z o.o. po raz pierwszy zorganizowa\u0142a tradycyjn\u0105 biesiad\u0119 Gwar\u00f3w. W Restauracja Graniczna w Radkowie spotka\u0142a si\u0119 Bra\u0107 G\u00f3rnicza.\" \/>\n<meta property=\"og:url\" content=\"https:\/\/regnars.pl\/cs\/barborka-2015\/\" \/>\n<meta property=\"og:site_name\" content=\"REGNARS\" \/>\n<meta property=\"article:published_time\" content=\"2015-12-12T09:00:27+00:00\" \/>\n<meta property=\"article:modified_time\" content=\"2019-03-28T15:49:40+00:00\" \/>\n<meta property=\"og:image\" content=\"https:\/\/regnars.pl\/wp-content\/uploads\/CAM02752.jpg\" \/>\n\t<meta property=\"og:image:width\" content=\"1920\" \/>\n\t<meta property=\"og:image:height\" content=\"1280\" \/>\n\t<meta property=\"og:image:type\" content=\"image\/jpeg\" \/>\n<meta name=\"author\" content=\"chili\" \/>\n<meta name=\"twitter:card\" content=\"summary_large_image\" \/>\n<meta name=\"twitter:label1\" content=\"Napsal(a)\" \/>\n\t<meta name=\"twitter:data1\" content=\"chili\" \/>\n<script type=\"application\/ld+json\" class=\"yoast-schema-graph\">{\"@context\":\"https:\/\/schema.org\",\"@graph\":[{\"@type\":\"Article\",\"@id\":\"https:\/\/regnars.pl\/cs\/barborka-2015\/#article\",\"isPartOf\":{\"@id\":\"https:\/\/regnars.pl\/cs\/barborka-2015\/\"},\"author\":{\"name\":\"chili\",\"@id\":\"https:\/\/regnars.pl\/#\/schema\/person\/ecbf7d3f0ea6f2316aef4af3b7844e66\"},\"headline\":\"Barb\u00f3rka 2015\",\"datePublished\":\"2015-12-12T09:00:27+00:00\",\"dateModified\":\"2019-03-28T15:49:40+00:00\",\"mainEntityOfPage\":{\"@id\":\"https:\/\/regnars.pl\/cs\/barborka-2015\/\"},\"wordCount\":51,\"commentCount\":0,\"publisher\":{\"@id\":\"https:\/\/regnars.pl\/#organization\"},\"image\":{\"@id\":\"https:\/\/regnars.pl\/cs\/barborka-2015\/#primaryimage\"},\"thumbnailUrl\":\"https:\/\/regnars.pl\/wp-content\/uploads\/CAM02752.jpg\",\"articleSection\":[\"Uncategorized @cs\"],\"inLanguage\":\"cs\",\"potentialAction\":[{\"@type\":\"CommentAction\",\"name\":\"Comment\",\"target\":[\"https:\/\/regnars.pl\/cs\/barborka-2015\/#respond\"]}]},{\"@type\":\"WebPage\",\"@id\":\"https:\/\/regnars.pl\/cs\/barborka-2015\/\",\"url\":\"https:\/\/regnars.pl\/cs\/barborka-2015\/\",\"name\":\"Barb\u00f3rka 2015 &#8226; REGNARS\",\"isPartOf\":{\"@id\":\"https:\/\/regnars.pl\/#website\"},\"primaryImageOfPage\":{\"@id\":\"https:\/\/regnars.pl\/cs\/barborka-2015\/#primaryimage\"},\"image\":{\"@id\":\"https:\/\/regnars.pl\/cs\/barborka-2015\/#primaryimage\"},\"thumbnailUrl\":\"https:\/\/regnars.pl\/wp-content\/uploads\/CAM02752.jpg\",\"datePublished\":\"2015-12-12T09:00:27+00:00\",\"dateModified\":\"2019-03-28T15:49:40+00:00\",\"breadcrumb\":{\"@id\":\"https:\/\/regnars.pl\/cs\/barborka-2015\/#breadcrumb\"},\"inLanguage\":\"cs\",\"potentialAction\":[{\"@type\":\"ReadAction\",\"target\":[\"https:\/\/regnars.pl\/cs\/barborka-2015\/\"]}]},{\"@type\":\"ImageObject\",\"inLanguage\":\"cs\",\"@id\":\"https:\/\/regnars.pl\/cs\/barborka-2015\/#primaryimage\",\"url\":\"https:\/\/regnars.pl\/wp-content\/uploads\/CAM02752.jpg\",\"contentUrl\":\"https:\/\/regnars.pl\/wp-content\/uploads\/CAM02752.jpg\",\"width\":1920,\"height\":1280},{\"@type\":\"BreadcrumbList\",\"@id\":\"https:\/\/regnars.pl\/cs\/barborka-2015\/#breadcrumb\",\"itemListElement\":[{\"@type\":\"ListItem\",\"position\":1,\"name\":\"Strona g\u0142\u00f3wna\",\"item\":\"https:\/\/regnars.pl\/cs\/regnars\/\"},{\"@type\":\"ListItem\",\"position\":2,\"name\":\"Barb\u00f3rka 2015\"}]},{\"@type\":\"WebSite\",\"@id\":\"https:\/\/regnars.pl\/#website\",\"url\":\"https:\/\/regnars.pl\/\",\"name\":\"REGNARS\",\"description\":\"Kopalnia Melafiru T\u0142umacz\u00f3w\",\"publisher\":{\"@id\":\"https:\/\/regnars.pl\/#organization\"},\"potentialAction\":[{\"@type\":\"SearchAction\",\"target\":{\"@type\":\"EntryPoint\",\"urlTemplate\":\"https:\/\/regnars.pl\/?s={search_term_string}\"},\"query-input\":{\"@type\":\"PropertyValueSpecification\",\"valueRequired\":true,\"valueName\":\"search_term_string\"}}],\"inLanguage\":\"cs\"},{\"@type\":\"Organization\",\"@id\":\"https:\/\/regnars.pl\/#organization\",\"name\":\"REGNARS\",\"url\":\"https:\/\/regnars.pl\/\",\"logo\":{\"@type\":\"ImageObject\",\"inLanguage\":\"cs\",\"@id\":\"https:\/\/regnars.pl\/#\/schema\/logo\/image\/\",\"url\":\"https:\/\/regnars.pl\/wp-content\/uploads\/KMT_logo.svg\",\"contentUrl\":\"https:\/\/regnars.pl\/wp-content\/uploads\/KMT_logo.svg\",\"width\":1,\"height\":1,\"caption\":\"REGNARS\"},\"image\":{\"@id\":\"https:\/\/regnars.pl\/#\/schema\/logo\/image\/\"}},{\"@type\":\"Person\",\"@id\":\"https:\/\/regnars.pl\/#\/schema\/person\/ecbf7d3f0ea6f2316aef4af3b7844e66\",\"name\":\"chili\",\"image\":{\"@type\":\"ImageObject\",\"inLanguage\":\"cs\",\"@id\":\"https:\/\/regnars.pl\/#\/schema\/person\/image\/\",\"url\":\"https:\/\/secure.gravatar.com\/avatar\/485a1e83237ed948871e6a742de54cf019aa5b3d5c7fb896fea9d0ee13843e12?s=96&d=mm&r=g\",\"contentUrl\":\"https:\/\/secure.gravatar.com\/avatar\/485a1e83237ed948871e6a742de54cf019aa5b3d5c7fb896fea9d0ee13843e12?s=96&d=mm&r=g\",\"caption\":\"chili\"},\"url\":\"https:\/\/regnars.pl\/cs\/author\/chili\/\"}]}<\/script>\n<!-- \/ Yoast SEO plugin. -->","yoast_head_json":{"title":"Barb\u00f3rka 2015 &#8226; REGNARS","robots":{"index":"index","follow":"follow","max-snippet":"max-snippet:-1","max-image-preview":"max-image-preview:large","max-video-preview":"max-video-preview:-1"},"canonical":"https:\/\/regnars.pl\/cs\/barborka-2015\/","og_locale":"cs_CZ","og_type":"article","og_title":"Barb\u00f3rka 2015 &#8226; REGNARS","og_description":"Firma Regnars Sp. z o.o. po raz pierwszy zorganizowa\u0142a tradycyjn\u0105 biesiad\u0119 Gwar\u00f3w. W Restauracja Graniczna w Radkowie spotka\u0142a si\u0119 Bra\u0107 G\u00f3rnicza.","og_url":"https:\/\/regnars.pl\/cs\/barborka-2015\/","og_site_name":"REGNARS","article_published_time":"2015-12-12T09:00:27+00:00","article_modified_time":"2019-03-28T15:49:40+00:00","og_image":[{"width":1920,"height":1280,"url":"https:\/\/regnars.pl\/wp-content\/uploads\/CAM02752.jpg","type":"image\/jpeg"}],"author":"chili","twitter_card":"summary_large_image","twitter_misc":{"Napsal(a)":"chili"},"schema":{"@context":"https:\/\/schema.org","@graph":[{"@type":"Article","@id":"https:\/\/regnars.pl\/cs\/barborka-2015\/#article","isPartOf":{"@id":"https:\/\/regnars.pl\/cs\/barborka-2015\/"},"author":{"name":"chili","@id":"https:\/\/regnars.pl\/#\/schema\/person\/ecbf7d3f0ea6f2316aef4af3b7844e66"},"headline":"Barb\u00f3rka 2015","datePublished":"2015-12-12T09:00:27+00:00","dateModified":"2019-03-28T15:49:40+00:00","mainEntityOfPage":{"@id":"https:\/\/regnars.pl\/cs\/barborka-2015\/"},"wordCount":51,"commentCount":0,"publisher":{"@id":"https:\/\/regnars.pl\/#organization"},"image":{"@id":"https:\/\/regnars.pl\/cs\/barborka-2015\/#primaryimage"},"thumbnailUrl":"https:\/\/regnars.pl\/wp-content\/uploads\/CAM02752.jpg","articleSection":["Uncategorized @cs"],"inLanguage":"cs","potentialAction":[{"@type":"CommentAction","name":"Comment","target":["https:\/\/regnars.pl\/cs\/barborka-2015\/#respond"]}]},{"@type":"WebPage","@id":"https:\/\/regnars.pl\/cs\/barborka-2015\/","url":"https:\/\/regnars.pl\/cs\/barborka-2015\/","name":"Barb\u00f3rka 2015 &#8226; REGNARS","isPartOf":{"@id":"https:\/\/regnars.pl\/#website"},"primaryImageOfPage":{"@id":"https:\/\/regnars.pl\/cs\/barborka-2015\/#primaryimage"},"image":{"@id":"https:\/\/regnars.pl\/cs\/barborka-2015\/#primaryimage"},"thumbnailUrl":"https:\/\/regnars.pl\/wp-content\/uploads\/CAM02752.jpg","datePublished":"2015-12-12T09:00:27+00:00","dateModified":"2019-03-28T15:49:40+00:00","breadcrumb":{"@id":"https:\/\/regnars.pl\/cs\/barborka-2015\/#breadcrumb"},"inLanguage":"cs","potentialAction":[{"@type":"ReadAction","target":["https:\/\/regnars.pl\/cs\/barborka-2015\/"]}]},{"@type":"ImageObject","inLanguage":"cs","@id":"https:\/\/regnars.pl\/cs\/barborka-2015\/#primaryimage","url":"https:\/\/regnars.pl\/wp-content\/uploads\/CAM02752.jpg","contentUrl":"https:\/\/regnars.pl\/wp-content\/uploads\/CAM02752.jpg","width":1920,"height":1280},{"@type":"BreadcrumbList","@id":"https:\/\/regnars.pl\/cs\/barborka-2015\/#breadcrumb","itemListElement":[{"@type":"ListItem","position":1,"name":"Strona g\u0142\u00f3wna","item":"https:\/\/regnars.pl\/cs\/regnars\/"},{"@type":"ListItem","position":2,"name":"Barb\u00f3rka 2015"}]},{"@type":"WebSite","@id":"https:\/\/regnars.pl\/#website","url":"https:\/\/regnars.pl\/","name":"REGNARS","description":"Kopalnia Melafiru T\u0142umacz\u00f3w","publisher":{"@id":"https:\/\/regnars.pl\/#organization"},"potentialAction":[{"@type":"SearchAction","target":{"@type":"EntryPoint","urlTemplate":"https:\/\/regnars.pl\/?s={search_term_string}"},"query-input":{"@type":"PropertyValueSpecification","valueRequired":true,"valueName":"search_term_string"}}],"inLanguage":"cs"},{"@type":"Organization","@id":"https:\/\/regnars.pl\/#organization","name":"REGNARS","url":"https:\/\/regnars.pl\/","logo":{"@type":"ImageObject","inLanguage":"cs","@id":"https:\/\/regnars.pl\/#\/schema\/logo\/image\/","url":"https:\/\/regnars.pl\/wp-content\/uploads\/KMT_logo.svg","contentUrl":"https:\/\/regnars.pl\/wp-content\/uploads\/KMT_logo.svg","width":1,"height":1,"caption":"REGNARS"},"image":{"@id":"https:\/\/regnars.pl\/#\/schema\/logo\/image\/"}},{"@type":"Person","@id":"https:\/\/regnars.pl\/#\/schema\/person\/ecbf7d3f0ea6f2316aef4af3b7844e66","name":"chili","image":{"@type":"ImageObject","inLanguage":"cs","@id":"https:\/\/regnars.pl\/#\/schema\/person\/image\/","url":"https:\/\/secure.gravatar.com\/avatar\/485a1e83237ed948871e6a742de54cf019aa5b3d5c7fb896fea9d0ee13843e12?s=96&d=mm&r=g","contentUrl":"https:\/\/secure.gravatar.com\/avatar\/485a1e83237ed948871e6a742de54cf019aa5b3d5c7fb896fea9d0ee13843e12?s=96&d=mm&r=g","caption":"chili"},"url":"https:\/\/regnars.pl\/cs\/author\/chili\/"}]}},"_links":{"self":[{"href":"https:\/\/regnars.pl\/cs\/wp-json\/wp\/v2\/posts\/507","targetHints":{"allow":["GET"]}}],"collection":[{"href":"https:\/\/regnars.pl\/cs\/wp-json\/wp\/v2\/posts"}],"about":[{"href":"https:\/\/regnars.pl\/cs\/wp-json\/wp\/v2\/types\/post"}],"author":[{"embeddable":true,"href":"https:\/\/regnars.pl\/cs\/wp-json\/wp\/v2\/users\/1"}],"replies":[{"embeddable":true,"href":"https:\/\/regnars.pl\/cs\/wp-json\/wp\/v2\/comments?post=507"}],"version-history":[{"count":1,"href":"https:\/\/regnars.pl\/cs\/wp-json\/wp\/v2\/posts\/507\/revisions"}],"predecessor-version":[{"id":508,"href":"https:\/\/regnars.pl\/cs\/wp-json\/wp\/v2\/posts\/507\/revisions\/508"}],"wp:featuredmedia":[{"embeddable":true,"href":"https:\/\/regnars.pl\/cs\/wp-json\/wp\/v2\/media\/380"}],"wp:attachment":[{"href":"https:\/\/regnars.pl\/cs\/wp-json\/wp\/v2\/media?parent=507"}],"wp:term":[{"taxonomy":"category","embeddable":true,"href":"https:\/\/regnars.pl\/cs\/wp-json\/wp\/v2\/categories?post=507"},{"taxonomy":"post_tag","embeddable":true,"href":"https:\/\/regnars.pl\/cs\/wp-json\/wp\/v2\/tags?post=507"}],"curies":[{"name":"wp","href":"https:\/\/api.w.org\/{rel}","templated":true}]}}